{"id":188,"date":"2022-04-10T13:23:07","date_gmt":"2022-04-10T13:23:07","guid":{"rendered":"https:\/\/miaou-suisse.ch\/?p=188"},"modified":"2022-04-10T13:23:08","modified_gmt":"2022-04-10T13:23:08","slug":"la-saison-des-bebes-a-commence","status":"publish","type":"post","link":"https:\/\/miaou-suisse.ch\/?p=188","title":{"rendered":"La saison des b\u00e9b\u00e9s a commenc\u00e9"},"content":{"rendered":"\n<p>La saison des naissances des minis Miaou Suisse a commenc\u00e9. Plusieurs chatons sont d\u00e9j\u00e0 n\u00e9s et d&rsquo;autres vont suivre ces prochains temps. Nous avons plus que tout besoin de dons financier et mat\u00e9riel (croquettes, liti\u00e8re, p\u00e2t\u00e9es) pour nourrir les mamans et ces petits bouches en cette pleine p\u00e9riode. Merci pour eux!<\/p>\n\n\n\n<figure class=\"wp-block-gallery has-nested-images columns-default is-cropped wp-block-gallery-1 is-layout-flex wp-block-gallery-is-layout-flex\">\n<figure class=\"wp-block-image size-large\"><img fetchpriority=\"high\" decoding=\"async\" width=\"461\" height=\"1024\" data-id=\"189\" src=\"https:\/\/miaou-suisse.ch\/wp-content\/uploads\/2022\/04\/277747427_1153616808727381_3091381842535055295_n-461x1024.jpg\" alt=\"\" class=\"wp-image-189\" srcset=\"https:\/\/miaou-suisse.ch\/wp-content\/uploads\/2022\/04\/277747427_1153616808727381_3091381842535055295_n-461x1024.jpg 461w, https:\/\/miaou-suisse.ch\/wp-content\/uploads\/2022\/04\/277747427_1153616808727381_3091381842535055295_n-135x300.jpg 135w, https:\/\/miaou-suisse.ch\/wp-content\/uploads\/2022\/04\/277747427_1153616808727381_3091381842535055295_n-768x1705.jpg 768w, https:\/\/miaou-suisse.ch\/wp-content\/uploads\/2022\/04\/277747427_1153616808727381_3091381842535055295_n-692x1536.jpg 692w, https:\/\/miaou-suisse.ch\/wp-content\/uploads\/2022\/04\/277747427_1153616808727381_3091381842535055295_n.jpg 908w\" sizes=\"(max-width: 461px) 100vw, 461px\" \/><\/figure>\n\n\n\n<figure class=\"wp-block-image size-large\"><img decoding=\"async\" width=\"1024\" height=\"768\" data-id=\"190\" src=\"https:\/\/miaou-suisse.ch\/wp-content\/uploads\/2022\/04\/277807297_1155432341879161_652185046471749477_n-1024x768.jpg\" alt=\"\" class=\"wp-image-190\" srcset=\"https:\/\/miaou-suisse.ch\/wp-content\/uploads\/2022\/04\/277807297_1155432341879161_652185046471749477_n-1024x768.jpg 1024w, https:\/\/miaou-suisse.ch\/wp-content\/uploads\/2022\/04\/277807297_1155432341879161_652185046471749477_n-300x225.jpg 300w, https:\/\/miaou-suisse.ch\/wp-content\/uploads\/2022\/04\/277807297_1155432341879161_652185046471749477_n-768x576.jpg 768w, https:\/\/miaou-suisse.ch\/wp-content\/uploads\/2022\/04\/277807297_1155432341879161_652185046471749477_n.jpg 1440w\" sizes=\"(max-width: 1024px) 100vw, 1024px\" \/><\/figure>\n\n\n\n<figure class=\"wp-block-image size-large\"><img decoding=\"async\" width=\"768\" height=\"1024\" data-id=\"191\" src=\"https:\/\/miaou-suisse.ch\/wp-content\/uploads\/2022\/04\/277562261_1151301605625568_5397992254027974975_n-768x1024.jpg\" alt=\"\" class=\"wp-image-191\" srcset=\"https:\/\/miaou-suisse.ch\/wp-content\/uploads\/2022\/04\/277562261_1151301605625568_5397992254027974975_n-768x1024.jpg 768w, https:\/\/miaou-suisse.ch\/wp-content\/uploads\/2022\/04\/277562261_1151301605625568_5397992254027974975_n-225x300.jpg 225w, https:\/\/miaou-suisse.ch\/wp-content\/uploads\/2022\/04\/277562261_1151301605625568_5397992254027974975_n-1152x1536.jpg 1152w, https:\/\/miaou-suisse.ch\/wp-content\/uploads\/2022\/04\/277562261_1151301605625568_5397992254027974975_n.jpg 1512w\" sizes=\"(max-width: 768px) 100vw, 768px\" \/><\/figure>\n<\/figure>\n\n\n\n<p><\/p>\n","protected":false},"excerpt":{"rendered":"<p class=\"text-justify\">La saison des naissances des minis Miaou Suisse a commenc\u00e9. Plusieurs chatons sont d\u00e9j\u00e0 n\u00e9s et d&rsquo;autres vont suivre ces prochains temps. Nous avons plus que tout besoin de dons financier et mat\u00e9riel (croquettes, liti\u00e8re, [&hellip;]<\/p>\n","protected":false},"author":1,"featured_media":0,"comment_status":"open","ping_status":"open","sticky":false,"template":"","format":"standard","meta":{"_jetpack_memberships_contains_paid_content":false,"footnotes":""},"categories":[1],"tags":[],"class_list":["post-188","post","type-post","status-publish","format-standard","hentry","category-uncategorized"],"yoast_head":"<!-- This site is optimized with the Yoast SEO plugin v28.2 - https:\/\/yoast.com\/product\/yoast-seo-wordpress\/ -->\n<title>La saison des b\u00e9b\u00e9s a commenc\u00e9 - Association Miaou Suisse<\/title>\n<meta name=\"robots\" content=\"index, follow, max-snippet:-1, max-image-preview:large, max-video-preview:-1\" \/>\n<link rel=\"canonical\" href=\"https:\/\/miaou-suisse.ch\/?p=188\" \/>\n<meta property=\"og:locale\" content=\"fr_FR\" \/>\n<meta property=\"og:type\" content=\"article\" \/>\n<meta property=\"og:title\" content=\"La saison des b\u00e9b\u00e9s a commenc\u00e9 - Association Miaou Suisse\" \/>\n<meta property=\"og:description\" content=\"La saison des naissances des minis Miaou Suisse a commenc\u00e9. Plusieurs chatons sont d\u00e9j\u00e0 n\u00e9s et d&rsquo;autres vont suivre ces prochains temps. Nous avons plus que tout besoin de dons financier et mat\u00e9riel (croquettes, liti\u00e8re, [&hellip;]\" \/>\n<meta property=\"og:url\" content=\"https:\/\/miaou-suisse.ch\/?p=188\" \/>\n<meta property=\"og:site_name\" content=\"Association Miaou Suisse\" \/>\n<meta property=\"article:published_time\" content=\"2022-04-10T13:23:07+00:00\" \/>\n<meta property=\"article:modified_time\" content=\"2022-04-10T13:23:08+00:00\" \/>\n<meta property=\"og:image\" content=\"https:\/\/miaou-suisse.ch\/wp-content\/uploads\/2022\/04\/277747427_1153616808727381_3091381842535055295_n-461x1024.jpg\" \/>\n<meta name=\"author\" content=\"admin\" \/>\n<meta name=\"twitter:card\" content=\"summary_large_image\" \/>\n<meta name=\"twitter:label1\" content=\"\u00c9crit par\" \/>\n\t<meta name=\"twitter:data1\" content=\"admin\" \/>\n\t<meta name=\"twitter:label2\" content=\"Dur\u00e9e de lecture estim\u00e9e\" \/>\n\t<meta name=\"twitter:data2\" content=\"1 minute\" \/>\n<script type=\"application\/ld+json\" class=\"yoast-schema-graph\">{\"@context\":\"https:\\\/\\\/schema.org\",\"@graph\":[{\"@type\":\"Article\",\"@id\":\"https:\\\/\\\/miaou-suisse.ch\\\/?p=188#article\",\"isPartOf\":{\"@id\":\"https:\\\/\\\/miaou-suisse.ch\\\/?p=188\"},\"author\":{\"name\":\"admin\",\"@id\":\"https:\\\/\\\/miaou-suisse.ch\\\/#\\\/schema\\\/person\\\/2070b27be2435be13874ee7705d11812\"},\"headline\":\"La saison des b\u00e9b\u00e9s a commenc\u00e9\",\"datePublished\":\"2022-04-10T13:23:07+00:00\",\"dateModified\":\"2022-04-10T13:23:08+00:00\",\"mainEntityOfPage\":{\"@id\":\"https:\\\/\\\/miaou-suisse.ch\\\/?p=188\"},\"wordCount\":67,\"commentCount\":0,\"image\":{\"@id\":\"https:\\\/\\\/miaou-suisse.ch\\\/?p=188#primaryimage\"},\"thumbnailUrl\":\"https:\\\/\\\/miaou-suisse.ch\\\/wp-content\\\/uploads\\\/2022\\\/04\\\/277747427_1153616808727381_3091381842535055295_n-461x1024.jpg\",\"articleSection\":[\"Uncategorized\"],\"inLanguage\":\"fr-FR\",\"potentialAction\":[{\"@type\":\"CommentAction\",\"name\":\"Comment\",\"target\":[\"https:\\\/\\\/miaou-suisse.ch\\\/?p=188#respond\"]}]},{\"@type\":\"WebPage\",\"@id\":\"https:\\\/\\\/miaou-suisse.ch\\\/?p=188\",\"url\":\"https:\\\/\\\/miaou-suisse.ch\\\/?p=188\",\"name\":\"La saison des b\u00e9b\u00e9s a commenc\u00e9 - Association Miaou Suisse\",\"isPartOf\":{\"@id\":\"https:\\\/\\\/miaou-suisse.ch\\\/#website\"},\"primaryImageOfPage\":{\"@id\":\"https:\\\/\\\/miaou-suisse.ch\\\/?p=188#primaryimage\"},\"image\":{\"@id\":\"https:\\\/\\\/miaou-suisse.ch\\\/?p=188#primaryimage\"},\"thumbnailUrl\":\"https:\\\/\\\/miaou-suisse.ch\\\/wp-content\\\/uploads\\\/2022\\\/04\\\/277747427_1153616808727381_3091381842535055295_n-461x1024.jpg\",\"datePublished\":\"2022-04-10T13:23:07+00:00\",\"dateModified\":\"2022-04-10T13:23:08+00:00\",\"author\":{\"@id\":\"https:\\\/\\\/miaou-suisse.ch\\\/#\\\/schema\\\/person\\\/2070b27be2435be13874ee7705d11812\"},\"breadcrumb\":{\"@id\":\"https:\\\/\\\/miaou-suisse.ch\\\/?p=188#breadcrumb\"},\"inLanguage\":\"fr-FR\",\"potentialAction\":[{\"@type\":\"ReadAction\",\"target\":[\"https:\\\/\\\/miaou-suisse.ch\\\/?p=188\"]}]},{\"@type\":\"ImageObject\",\"inLanguage\":\"fr-FR\",\"@id\":\"https:\\\/\\\/miaou-suisse.ch\\\/?p=188#primaryimage\",\"url\":\"https:\\\/\\\/miaou-suisse.ch\\\/wp-content\\\/uploads\\\/2022\\\/04\\\/277747427_1153616808727381_3091381842535055295_n.jpg\",\"contentUrl\":\"https:\\\/\\\/miaou-suisse.ch\\\/wp-content\\\/uploads\\\/2022\\\/04\\\/277747427_1153616808727381_3091381842535055295_n.jpg\",\"width\":908,\"height\":2016},{\"@type\":\"BreadcrumbList\",\"@id\":\"https:\\\/\\\/miaou-suisse.ch\\\/?p=188#breadcrumb\",\"itemListElement\":[{\"@type\":\"ListItem\",\"position\":1,\"name\":\"Accueil\",\"item\":\"https:\\\/\\\/miaou-suisse.ch\\\/\"},{\"@type\":\"ListItem\",\"position\":2,\"name\":\"La saison des b\u00e9b\u00e9s a commenc\u00e9\"}]},{\"@type\":\"WebSite\",\"@id\":\"https:\\\/\\\/miaou-suisse.ch\\\/#website\",\"url\":\"https:\\\/\\\/miaou-suisse.ch\\\/\",\"name\":\"Association Miaou Suisse\",\"description\":\"Aidez-nous \u00e0 les aider!\",\"potentialAction\":[{\"@type\":\"SearchAction\",\"target\":{\"@type\":\"EntryPoint\",\"urlTemplate\":\"https:\\\/\\\/miaou-suisse.ch\\\/?s={search_term_string}\"},\"query-input\":{\"@type\":\"PropertyValueSpecification\",\"valueRequired\":true,\"valueName\":\"search_term_string\"}}],\"inLanguage\":\"fr-FR\"},{\"@type\":\"Person\",\"@id\":\"https:\\\/\\\/miaou-suisse.ch\\\/#\\\/schema\\\/person\\\/2070b27be2435be13874ee7705d11812\",\"name\":\"admin\",\"image\":{\"@type\":\"ImageObject\",\"inLanguage\":\"fr-FR\",\"@id\":\"https:\\\/\\\/secure.gravatar.com\\\/avatar\\\/93f7ea255c84a69a5c56a1c9c0ddfc046761fa9a6f1c479ec680470a654a48c3?s=96&d=mm&r=g\",\"url\":\"https:\\\/\\\/secure.gravatar.com\\\/avatar\\\/93f7ea255c84a69a5c56a1c9c0ddfc046761fa9a6f1c479ec680470a654a48c3?s=96&d=mm&r=g\",\"contentUrl\":\"https:\\\/\\\/secure.gravatar.com\\\/avatar\\\/93f7ea255c84a69a5c56a1c9c0ddfc046761fa9a6f1c479ec680470a654a48c3?s=96&d=mm&r=g\",\"caption\":\"admin\"},\"sameAs\":[\"https:\\\/\\\/miaou-suisse.ch\"],\"url\":\"https:\\\/\\\/miaou-suisse.ch\\\/?author=1\"}]}<\/script>\n<!-- \/ Yoast SEO plugin. -->","yoast_head_json":{"title":"La saison des b\u00e9b\u00e9s a commenc\u00e9 - Association Miaou Suisse","robots":{"index":"index","follow":"follow","max-snippet":"max-snippet:-1","max-image-preview":"max-image-preview:large","max-video-preview":"max-video-preview:-1"},"canonical":"https:\/\/miaou-suisse.ch\/?p=188","og_locale":"fr_FR","og_type":"article","og_title":"La saison des b\u00e9b\u00e9s a commenc\u00e9 - Association Miaou Suisse","og_description":"La saison des naissances des minis Miaou Suisse a commenc\u00e9. Plusieurs chatons sont d\u00e9j\u00e0 n\u00e9s et d&rsquo;autres vont suivre ces prochains temps. Nous avons plus que tout besoin de dons financier et mat\u00e9riel (croquettes, liti\u00e8re, [&hellip;]","og_url":"https:\/\/miaou-suisse.ch\/?p=188","og_site_name":"Association Miaou Suisse","article_published_time":"2022-04-10T13:23:07+00:00","article_modified_time":"2022-04-10T13:23:08+00:00","og_image":[{"url":"https:\/\/miaou-suisse.ch\/wp-content\/uploads\/2022\/04\/277747427_1153616808727381_3091381842535055295_n-461x1024.jpg","type":"","width":"","height":""}],"author":"admin","twitter_card":"summary_large_image","twitter_misc":{"\u00c9crit par":"admin","Dur\u00e9e de lecture estim\u00e9e":"1 minute"},"schema":{"@context":"https:\/\/schema.org","@graph":[{"@type":"Article","@id":"https:\/\/miaou-suisse.ch\/?p=188#article","isPartOf":{"@id":"https:\/\/miaou-suisse.ch\/?p=188"},"author":{"name":"admin","@id":"https:\/\/miaou-suisse.ch\/#\/schema\/person\/2070b27be2435be13874ee7705d11812"},"headline":"La saison des b\u00e9b\u00e9s a commenc\u00e9","datePublished":"2022-04-10T13:23:07+00:00","dateModified":"2022-04-10T13:23:08+00:00","mainEntityOfPage":{"@id":"https:\/\/miaou-suisse.ch\/?p=188"},"wordCount":67,"commentCount":0,"image":{"@id":"https:\/\/miaou-suisse.ch\/?p=188#primaryimage"},"thumbnailUrl":"https:\/\/miaou-suisse.ch\/wp-content\/uploads\/2022\/04\/277747427_1153616808727381_3091381842535055295_n-461x1024.jpg","articleSection":["Uncategorized"],"inLanguage":"fr-FR","potentialAction":[{"@type":"CommentAction","name":"Comment","target":["https:\/\/miaou-suisse.ch\/?p=188#respond"]}]},{"@type":"WebPage","@id":"https:\/\/miaou-suisse.ch\/?p=188","url":"https:\/\/miaou-suisse.ch\/?p=188","name":"La saison des b\u00e9b\u00e9s a commenc\u00e9 - Association Miaou Suisse","isPartOf":{"@id":"https:\/\/miaou-suisse.ch\/#website"},"primaryImageOfPage":{"@id":"https:\/\/miaou-suisse.ch\/?p=188#primaryimage"},"image":{"@id":"https:\/\/miaou-suisse.ch\/?p=188#primaryimage"},"thumbnailUrl":"https:\/\/miaou-suisse.ch\/wp-content\/uploads\/2022\/04\/277747427_1153616808727381_3091381842535055295_n-461x1024.jpg","datePublished":"2022-04-10T13:23:07+00:00","dateModified":"2022-04-10T13:23:08+00:00","author":{"@id":"https:\/\/miaou-suisse.ch\/#\/schema\/person\/2070b27be2435be13874ee7705d11812"},"breadcrumb":{"@id":"https:\/\/miaou-suisse.ch\/?p=188#breadcrumb"},"inLanguage":"fr-FR","potentialAction":[{"@type":"ReadAction","target":["https:\/\/miaou-suisse.ch\/?p=188"]}]},{"@type":"ImageObject","inLanguage":"fr-FR","@id":"https:\/\/miaou-suisse.ch\/?p=188#primaryimage","url":"https:\/\/miaou-suisse.ch\/wp-content\/uploads\/2022\/04\/277747427_1153616808727381_3091381842535055295_n.jpg","contentUrl":"https:\/\/miaou-suisse.ch\/wp-content\/uploads\/2022\/04\/277747427_1153616808727381_3091381842535055295_n.jpg","width":908,"height":2016},{"@type":"BreadcrumbList","@id":"https:\/\/miaou-suisse.ch\/?p=188#breadcrumb","itemListElement":[{"@type":"ListItem","position":1,"name":"Accueil","item":"https:\/\/miaou-suisse.ch\/"},{"@type":"ListItem","position":2,"name":"La saison des b\u00e9b\u00e9s a commenc\u00e9"}]},{"@type":"WebSite","@id":"https:\/\/miaou-suisse.ch\/#website","url":"https:\/\/miaou-suisse.ch\/","name":"Association Miaou Suisse","description":"Aidez-nous \u00e0 les aider!","potentialAction":[{"@type":"SearchAction","target":{"@type":"EntryPoint","urlTemplate":"https:\/\/miaou-suisse.ch\/?s={search_term_string}"},"query-input":{"@type":"PropertyValueSpecification","valueRequired":true,"valueName":"search_term_string"}}],"inLanguage":"fr-FR"},{"@type":"Person","@id":"https:\/\/miaou-suisse.ch\/#\/schema\/person\/2070b27be2435be13874ee7705d11812","name":"admin","image":{"@type":"ImageObject","inLanguage":"fr-FR","@id":"https:\/\/secure.gravatar.com\/avatar\/93f7ea255c84a69a5c56a1c9c0ddfc046761fa9a6f1c479ec680470a654a48c3?s=96&d=mm&r=g","url":"https:\/\/secure.gravatar.com\/avatar\/93f7ea255c84a69a5c56a1c9c0ddfc046761fa9a6f1c479ec680470a654a48c3?s=96&d=mm&r=g","contentUrl":"https:\/\/secure.gravatar.com\/avatar\/93f7ea255c84a69a5c56a1c9c0ddfc046761fa9a6f1c479ec680470a654a48c3?s=96&d=mm&r=g","caption":"admin"},"sameAs":["https:\/\/miaou-suisse.ch"],"url":"https:\/\/miaou-suisse.ch\/?author=1"}]}},"jetpack_featured_media_url":"","jetpack_sharing_enabled":true,"_links":{"self":[{"href":"https:\/\/miaou-suisse.ch\/index.php?rest_route=\/wp\/v2\/posts\/188","targetHints":{"allow":["GET"]}}],"collection":[{"href":"https:\/\/miaou-suisse.ch\/index.php?rest_route=\/wp\/v2\/posts"}],"about":[{"href":"https:\/\/miaou-suisse.ch\/index.php?rest_route=\/wp\/v2\/types\/post"}],"author":[{"embeddable":true,"href":"https:\/\/miaou-suisse.ch\/index.php?rest_route=\/wp\/v2\/users\/1"}],"replies":[{"embeddable":true,"href":"https:\/\/miaou-suisse.ch\/index.php?rest_route=%2Fwp%2Fv2%2Fcomments&post=188"}],"version-history":[{"count":1,"href":"https:\/\/miaou-suisse.ch\/index.php?rest_route=\/wp\/v2\/posts\/188\/revisions"}],"predecessor-version":[{"id":192,"href":"https:\/\/miaou-suisse.ch\/index.php?rest_route=\/wp\/v2\/posts\/188\/revisions\/192"}],"wp:attachment":[{"href":"https:\/\/miaou-suisse.ch\/index.php?rest_route=%2Fwp%2Fv2%2Fmedia&parent=188"}],"wp:term":[{"taxonomy":"category","embeddable":true,"href":"https:\/\/miaou-suisse.ch\/index.php?rest_route=%2Fwp%2Fv2%2Fcategories&post=188"},{"taxonomy":"post_tag","embeddable":true,"href":"https:\/\/miaou-suisse.ch\/index.php?rest_route=%2Fwp%2Fv2%2Ftags&post=188"}],"curies":[{"name":"wp","href":"https:\/\/api.w.org\/{rel}","templated":true}]}}